{"id":115,"date":"2026-08-18T05:22:01","date_gmt":"2026-08-18T05:22:01","guid":{"rendered":"https:\/\/psicologoemilianocorrea.cl\/?p=115"},"modified":"2026-08-18T05:22:02","modified_gmt":"2026-08-18T05:22:02","slug":"le-sugirieron-el-test-ados-2-para-su-hijo-adolescente-o-adulto-que-es-y-que-esperar-del-proceso","status":"publish","type":"post","link":"https:\/\/psicologoemilianocorrea.cl\/?p=115","title":{"rendered":"\u00bfLe sugirieron el test ADOS-2 para su hijo adolescente o adulto? Qu\u00e9 es y qu\u00e9 esperar del proceso"},"content":{"rendered":"<br \/>Tomar la decisi\u00f3n de iniciar una evaluaci\u00f3n del neurodesarrollo en la adolescencia o en la edad adulta suele venir acompa\u00f1ado de muchas preguntas. Es com\u00fan que los padres sientan cierta incertidumbre, especialmente si es la primera vez que escuchan hablar de herramientas espec\u00edficas como el ADOS-2 (Escala de Observaci\u00f3n para el Diagn\u00f3stico del Autismo).<br \/>Si un profesional les ha sugerido aplicar este test a su hijo, es completamente normal que se pregunten: \u00bfEn qu\u00e9 consiste? \u00bfEs una especie de examen que se puede \"aprobar\" o \"reprobar\"? \u00bfC\u00f3mo debo preparar a mi hijo?<br \/>En este art\u00edculo les contamos de forma sencilla qu\u00e9 es el ADOS-2, por qu\u00e9 es el est\u00e1ndar de oro en la evaluaci\u00f3n cl\u00ednica y c\u00f3mo se vive el proceso cuando se aplica en adolescentes y adultos.<br \/>\u00bfQu\u00e9 es exactamente el ADOS-2?<br \/>El ADOS-2 no es una prueba escrita ni un test de inteligencia. Es una evaluaci\u00f3n estandarizada basada en la observaci\u00f3n cl\u00ednica.<br \/>A trav\u00e9s de una serie de actividades, preguntas y din\u00e1micas de conversaci\u00f3n, el evaluador genera un espacio dise\u00f1ado espec\u00edficamente para observar c\u00f3mo la persona se comunica, c\u00f3mo interact\u00faa socialmente y c\u00f3mo procesa ciertos est\u00edmulos o temas de inter\u00e9s.<br \/>Para los adolescentes y adultos, se utilizan m\u00f3dulos espec\u00edficos (generalmente los M\u00f3dulos 3 o 4, dependiendo de su nivel de lenguaje fluido). A diferencia de las din\u00e1micas con ni\u00f1os peque\u00f1os (que incluyen juguetes y piezas de espuma), la sesi\u00f3n con j\u00f3venes y adultos se centra en la interacci\u00f3n social natural, la conversaci\u00f3n y el intercambio de experiencias.<br \/>\u00bfC\u00f3mo es una sesi\u00f3n de ADOS-2 para adolescentes y adultos?<br \/>La sesi\u00f3n suele durar entre 40 y 60 minutos. Es un espacio privado entre el profesional y el evaluado (los padres no suelen estar dentro de la sala para permitir que la interacci\u00f3n fluya de la manera m\u00e1s natural posible).<br \/>Durante este tiempo, se abordan diferentes din\u00e1micas, tales como:<br \/>Conversaciones estructuradas y espont\u00e1neas: Se habla sobre temas de la vida cotidiana, intereses personales, planes a futuro, el manejo de las emociones y las relaciones interpersonales (amistades, familia, pareja).<br \/>Tareas creativas o de narraci\u00f3n: Se pueden utilizar herramientas visuales, como libros de im\u00e1genes o peque\u00f1as tareas con objetos, para observar c\u00f3mo la persona organiza la informaci\u00f3n, interpreta contextos sociales y utiliza la comunicaci\u00f3n no verbal (gestos, contacto visual, expresiones faciales).<br \/>Resoluci\u00f3n de problemas cotidianos: Actividades sencillas que permiten ver c\u00f3mo se adapta la persona a situaciones imprevistas o c\u00f3mo interpreta el doble sentido o las met\u00e1foras.<br \/>Un punto clave: El ADOS-2 no busca evaluar si el adolescente o adulto \"sabe\" responder correctamente. Lo que el cl\u00ednico observa es el c\u00f3mo: el ritmo de la conversaci\u00f3n, el uso de la mirada, la reciprocidad social y la forma de expresar sus vivencias.<br \/>\u00bfPor qu\u00e9 se realiza esta evaluaci\u00f3n en la adolescencia o adultez?<br \/>Muchas personas llegan a estas etapas de la vida habiendo desarrollado estrategias de camuflaje social (o masking). Han aprendido de forma consciente c\u00f3mo \"encajar\" en el colegio, la universidad o el trabajo, lo que a menudo invisibiliza sus desaf\u00edos y genera un enorme agotamiento emocional.<br \/>El ADOS-2, al ser una herramienta tan precisa y sensible, ayuda al cl\u00ednico a mirar m\u00e1s all\u00e1 de estas estrategias de adaptaci\u00f3n. Permite identificar de manera objetiva las fortalezas y las \u00e1reas donde el joven o adulto necesita mayor apoyo, facilitando un diagn\u00f3stico claro que, m\u00e1s que una etiqueta, es un mapa para entenderse mejor.<br \/>\u00bfC\u00f3mo pueden prepararse como padres (y preparar a su hijo)?<br \/>La preparaci\u00f3n para el ADOS-2 es sumamente sencilla, ya que el objetivo es ver a la persona tal y como es:<br \/>Eviten la presi\u00f3n: No es necesario \"estudiar\" ni ensayar respuestas. Expl\u00edquenle a su hijo que asistir\u00e1 a una entrevista\/sesi\u00f3n de conversaci\u00f3n con un profesional para conocer mejor su perfil de comunicaci\u00f3n y aprendizaje.<br \/>Prioricen el descanso: Aseg\u00farense de que vaya a la sesi\u00f3n bien descansado y habiendo comido bien. La fatiga puede influir en los niveles de ansiedad.<br \/>Conf\u00eden en el proceso: El ADOS-2 es solo una pieza del rompecabezas. Un diagn\u00f3stico responsable nunca se basa en una sola prueba; se complementa con entrevistas a la familia (como el ADI-R), la historia del desarrollo y la observaci\u00f3n cl\u00ednica integral.<br \/>Conclusi\u00f3n<br \/>Recibir la recomendaci\u00f3n de realizar un ADOS-2 es el primer paso hacia la claridad. Conocer a fondo el perfil neurocognitivo y social de su hijo, sin importar la edad que tenga, es la mejor herramienta para brindarle los apoyos adecuados, validar sus experiencias y abrir las puertas a una mejor calidad de vida y comprensi\u00f3n mutua en el hogar.<br \/>\u00bfTienen dudas sobre el proceso de evaluaci\u00f3n o quieren agendar una orientaci\u00f3n? No duden en ponerse en contacto a trav\u00e9s de mi canal de whatsApp.<br \/><br \/>","protected":false},"excerpt":{"rendered":"<p>Tomar la decisi\u00f3n de iniciar una evaluaci\u00f3n del neurodesarrollo en la adolescencia o en la edad adulta suele venir acompa\u00f1ado de muchas preguntas. Es com\u00fan que los padres sientan cierta incertidumbre, especialmente si es la primera vez que escuchan hablar de herramientas espec\u00edficas como el ADOS-2 (Escala de Observaci\u00f3n para el Diagn\u00f3stico del Autismo).Si un [&hellip;]<\/p>\n","protected":false},"author":2,"featured_media":0,"comment_status":"open","ping_status":"open","sticky":false,"template":"","format":"standard","meta":{"footnotes":""},"categories":[6],"tags":[],"class_list":["post-115","post","type-post","status-publish","format-standard","hentry","category-autismo"],"_links":{"self":[{"href":"https:\/\/psicologoemilianocorrea.cl\/index.php?rest_route=\/wp\/v2\/posts\/115","targetHints":{"allow":["GET"]}}],"collection":[{"href":"https:\/\/psicologoemilianocorrea.cl\/index.php?rest_route=\/wp\/v2\/posts"}],"about":[{"href":"https:\/\/psicologoemilianocorrea.cl\/index.php?rest_route=\/wp\/v2\/types\/post"}],"author":[{"embeddable":true,"href":"https:\/\/psicologoemilianocorrea.cl\/index.php?rest_route=\/wp\/v2\/users\/2"}],"replies":[{"embeddable":true,"href":"https:\/\/psicologoemilianocorrea.cl\/index.php?rest_route=%2Fwp%2Fv2%2Fcomments&post=115"}],"version-history":[{"count":1,"href":"https:\/\/psicologoemilianocorrea.cl\/index.php?rest_route=\/wp\/v2\/posts\/115\/revisions"}],"predecessor-version":[{"id":117,"href":"https:\/\/psicologoemilianocorrea.cl\/index.php?rest_route=\/wp\/v2\/posts\/115\/revisions\/117"}],"wp:attachment":[{"href":"https:\/\/psicologoemilianocorrea.cl\/index.php?rest_route=%2Fwp%2Fv2%2Fmedia&parent=115"}],"wp:term":[{"taxonomy":"category","embeddable":true,"href":"https:\/\/psicologoemilianocorrea.cl\/index.php?rest_route=%2Fwp%2Fv2%2Fcategories&post=115"},{"taxonomy":"post_tag","embeddable":true,"href":"https:\/\/psicologoemilianocorrea.cl\/index.php?rest_route=%2Fwp%2Fv2%2Ftags&post=115"}],"curies":[{"name":"wp","href":"https:\/\/api.w.org\/{rel}","templated":true}]}}