{"id":119,"date":"2026-08-18T05:27:20","date_gmt":"2026-08-18T05:27:20","guid":{"rendered":"https:\/\/psicologoemilianocorrea.cl\/?p=119"},"modified":"2026-08-18T05:27:20","modified_gmt":"2026-08-18T05:27:20","slug":"crisis-de-panico-que-son-por-que-ocurren-y-como-actuar-cuando-aparecen","status":"publish","type":"post","link":"https:\/\/psicologoemilianocorrea.cl\/?p=119","title":{"rendered":"Crisis de p\u00e1nico: Qu\u00e9 son, por qu\u00e9 ocurren y c\u00f3mo actuar cuando aparecen"},"content":{"rendered":"\n<p class=\"wp-block-paragraph\">\u00bfAlguna vez has sentido que, de la nada, tu coraz\u00f3n se acelera, te falta el aire, todo da vueltas y tu mente solo puede ponerse en el peor escenario posible? Tal vez cre\u00edste que estabas sufriendo un infarto, que ibas a desmayarte o a perder el control por completo.<\/p>\n\n\n\n<p class=\"wp-block-paragraph\">Si has vivido una experiencia as\u00ed, es muy probable que hayas experimentado una <strong>crisis de p\u00e1nico<\/strong>. Aunque es una vivencia terror\u00edfica que muchas personas sufren en silencio, es un fen\u00f3meno sumamente com\u00fan en la consulta cl\u00ednica. Aqu\u00ed te explicamos de forma clara qu\u00e9 son y c\u00f3mo manejarlas.<\/p>\n\n\n\n<h2 class=\"wp-block-heading\"><strong>\u00bfQu\u00e9 es exactamente una crisis de p\u00e1nico?<\/strong><\/h2>\n\n\n\n<p class=\"wp-block-paragraph\">Una crisis de p\u00e1nico es un episodio de <strong>ansiedad extrema que surge de manera repentina<\/strong>, sin que exista un peligro real e inminente en el entorno que la justifique. Suele alcanzar su punto m\u00e1ximo de intensidad en aproximadamente 10 minutos y se manifiesta a trav\u00e9s de una tormenta de s\u00edntomas f\u00edsicos y emocionales:<\/p>\n\n\n\n<ul class=\"wp-block-list\">\n<li>Palpitaciones intensas, taquicardia o dolor en el pecho.<\/li>\n\n\n\n<li>Sensaci\u00f3n de ahogo, opresi\u00f3n o dificultad para respirar.<\/li>\n\n\n\n<li>Mareos, inestabilidad, sudoraci\u00f3n fr\u00eda o temblores.<\/li>\n\n\n\n<li>Hormigueo o adormecimiento en las manos y los pies (causado por la hiperventilaci\u00f3n).<\/li>\n\n\n\n<li>Una profunda sensaci\u00f3n de irrealidad o desconexi\u00f3n con el propio cuerpo.<\/li>\n\n\n\n<li>Miedo terror\u00edfico a perder el control, volverse loco o morir.<\/li>\n<\/ul>\n\n\n\n<p class=\"wp-block-paragraph\">Aunque la experiencia es temporal y f\u00edsicamente inofensiva, la intensidad es tan alta que suele dejar una huella de fuerte malestar y el miedo latente (ansiedad anticipatoria) a que vuelva a repetirse.<\/p>\n\n\n\n<h2 class=\"wp-block-heading\"><strong>\u00bfPor qu\u00e9 ocurren? Mirando m\u00e1s all\u00e1 del s\u00edntoma<\/strong><\/h2>\n\n\n\n<p class=\"wp-block-paragraph\">El origen de las crisis de p\u00e1nico no se reduce a una sola causa; es el resultado de una acumulaci\u00f3n de factores biol\u00f3gicos, psicol\u00f3gicos y ambientales que saturan nuestro sistema:<\/p>\n\n\n\n<ul class=\"wp-block-list\">\n<li><strong>Estr\u00e9s cr\u00f3nico y ambiental:<\/strong> Conflictos familiares, sobrecarga laboral, dificultades econ\u00f3micas o transiciones de vida importantes. Cuando el estr\u00e9s se prolonga en el tiempo, el sistema nervioso se vuelve mucho m\u00e1s reactivo, \"encendiendo la alarma\" ante est\u00edmulos cotidianos.<\/li>\n\n\n\n<li><strong>La trampa de los pensamientos catastrofistas:<\/strong> Es muy com\u00fan que se interpreten sensaciones corporales normales (como un cambio en el ritmo card\u00edaco por tomar caf\u00e9, fumar o subir una escalera) como el anuncio de una cat\u00e1strofe inminente. Esta lectura refuerza el miedo y agrava la crisis.<\/li>\n\n\n\n<li><strong>Historias de vida y estilos de afrontamiento:<\/strong> Muchas veces, la forma en que gestionamos el malestar se gesta en la infancia. Crecer en entornos donde las emociones no fueron validadas o acompa\u00f1adas puede llevarnos a reprimir o evitar lo que sentimos, acumulando una tensi\u00f3n que tarde o temprano busca una v\u00eda de escape.<\/li>\n<\/ul>\n\n\n\n<h2 class=\"wp-block-heading\"><strong>Herramientas pr\u00e1cticas para afrontar el momento<\/strong><\/h2>\n\n\n\n<p class=\"wp-block-paragraph\">Cuando la crisis estalla, se siente una p\u00e9rdida total de control. Sin embargo, recordar que <strong>el episodio es autolimitado y va a pasar<\/strong> es el primer paso para regularse. Puedes aplicar estas t\u00e9cnicas:<\/p>\n\n\n\n<ol class=\"wp-block-list\">\n<li><strong>Reconoce lo que pasa:<\/strong> H\u00e1blate con suavidad y rec\u00fadate: <em>\"Esto es una crisis de ansiedad, es sumamente inc\u00f3moda y desagradable, pero estoy a salvo y va a pasar\"<\/em>.<\/li>\n\n\n\n<li><strong>Aplica la respiraci\u00f3n 4-7-8:<\/strong> Inhala por la nariz durante 4 segundos, ret\u00e9n el aire 7 segundos y exhala lentamente por la boca durante 8 segundos. Priorizar las exhalaciones largas le avisa a tu sistema nervioso que puede relajarse y frena el mareo.<\/li>\n\n\n\n<li><strong>Activa tus anclajes sensoriales:<\/strong> Vuelve al presente usando tus sentidos. Toca una textura rugosa, describe en voz alta tres objetos que veas a tu alrededor o conc\u00e9ntrate en el apoyo de tus pies sobre el suelo para contrarrestar la sensaci\u00f3n de irrealidad.<\/li>\n<\/ol>\n\n\n\n<p class=\"wp-block-paragraph\"><strong>Si te toca acompa\u00f1ar a alguien:<\/strong> Mant\u00e9n la voz pausada, valida lo que siente (<em>\"S\u00e9 que la est\u00e1s pasando mal, pero aqu\u00ed estoy contigo\"<\/em>) y ay\u00fadale a guiar su respiraci\u00f3n. Evita a toda costa frases como <em>\"Tranquil\u00edzate\"<\/em> o <em>\"No es para tanto\"<\/em>, ya que aumentan la frustraci\u00f3n y la incomodidad de la persona.<\/p>\n\n\n\n<h2 class=\"wp-block-heading\"><strong>El camino hacia el bienestar<\/strong><\/h2>\n\n\n\n<p class=\"wp-block-paragraph\">La buena noticia es que las crisis de p\u00e1nico <strong>tienen tratamiento y se pueden superar con \u00e9xito<\/strong>.<\/p>\n\n\n\n<p class=\"wp-block-paragraph\">La psicoterapia (especialmente el enfoque cognitivo-conductual) es la herramienta m\u00e1s efectiva para esto, ya que ayuda a desmontar los pensamientos de miedo, reeducar la respuesta corporal y aprender a gestionar la ansiedad antes de que llegue al l\u00edmite. Entender qu\u00e9 nos pasa y qu\u00e9 \u00e1reas de nuestra vida nos est\u00e1n sobrecargando es el primer paso para recuperar la tranquilidad.<\/p>\n\n\n\n<p class=\"wp-block-paragraph\"><\/p>\n","protected":false},"excerpt":{"rendered":"<p>\u00bfAlguna vez has sentido que, de la nada, tu coraz\u00f3n se acelera, te falta el aire, todo da vueltas y tu mente solo puede ponerse en el peor escenario posible? Tal vez cre\u00edste que estabas sufriendo un infarto, que ibas a desmayarte o a perder el control por completo. Si has vivido una experiencia as\u00ed, [&hellip;]<\/p>\n","protected":false},"author":2,"featured_media":0,"comment_status":"open","ping_status":"open","sticky":false,"template":"","format":"standard","meta":{"footnotes":""},"categories":[1],"tags":[],"class_list":["post-119","post","type-post","status-publish","format-standard","hentry","category-uncategorized"],"_links":{"self":[{"href":"https:\/\/psicologoemilianocorrea.cl\/index.php?rest_route=\/wp\/v2\/posts\/119","targetHints":{"allow":["GET"]}}],"collection":[{"href":"https:\/\/psicologoemilianocorrea.cl\/index.php?rest_route=\/wp\/v2\/posts"}],"about":[{"href":"https:\/\/psicologoemilianocorrea.cl\/index.php?rest_route=\/wp\/v2\/types\/post"}],"author":[{"embeddable":true,"href":"https:\/\/psicologoemilianocorrea.cl\/index.php?rest_route=\/wp\/v2\/users\/2"}],"replies":[{"embeddable":true,"href":"https:\/\/psicologoemilianocorrea.cl\/index.php?rest_route=%2Fwp%2Fv2%2Fcomments&post=119"}],"version-history":[{"count":1,"href":"https:\/\/psicologoemilianocorrea.cl\/index.php?rest_route=\/wp\/v2\/posts\/119\/revisions"}],"predecessor-version":[{"id":120,"href":"https:\/\/psicologoemilianocorrea.cl\/index.php?rest_route=\/wp\/v2\/posts\/119\/revisions\/120"}],"wp:attachment":[{"href":"https:\/\/psicologoemilianocorrea.cl\/index.php?rest_route=%2Fwp%2Fv2%2Fmedia&parent=119"}],"wp:term":[{"taxonomy":"category","embeddable":true,"href":"https:\/\/psicologoemilianocorrea.cl\/index.php?rest_route=%2Fwp%2Fv2%2Fcategories&post=119"},{"taxonomy":"post_tag","embeddable":true,"href":"https:\/\/psicologoemilianocorrea.cl\/index.php?rest_route=%2Fwp%2Fv2%2Ftags&post=119"}],"curies":[{"name":"wp","href":"https:\/\/api.w.org\/{rel}","templated":true}]}}