{"id":122,"date":"2026-08-18T05:29:15","date_gmt":"2026-08-18T05:29:15","guid":{"rendered":"https:\/\/psicologoemilianocorrea.cl\/?p=122"},"modified":"2026-08-18T05:29:16","modified_gmt":"2026-08-18T05:29:16","slug":"depresion-adolescente-mucho-mas-que-cosas-de-la-edad","status":"publish","type":"post","link":"https:\/\/psicologoemilianocorrea.cl\/?p=122","title":{"rendered":"Depresi\u00f3n adolescente: Mucho m\u00e1s que \u00abcosas de la edad\u00bb"},"content":{"rendered":"\n<p class=\"wp-block-paragraph\">La adolescencia es, por definici\u00f3n, una etapa de profundas transformaciones. Los cambios hormonales, la b\u00fasqueda de la identidad, la necesidad de pertenencia al grupo de pares y las crecientes exigencias acad\u00e9micas y sociales configuran un escenario complejo de transitar. En este torbellino de cambios, es completamente normal que los j\u00f3venes experimenten altibajos emocionales, d\u00edas de aislamiento o momentos de frustraci\u00f3n.<\/p>\n\n\n\n<p class=\"wp-block-paragraph\">Sin embargo, existe una l\u00ednea delgada pero crucial entre la inestabilidad emocional propia de la edad y un problema de salud mental real. Cuando la tristeza, el desgano o la irritabilidad se vuelven la norma y empiezan a interferir en el d\u00eda a d\u00eda del joven, es momento de mirar m\u00e1s de cerca. La depresi\u00f3n adolescente no es una fase pasajera ni una llamada de atenci\u00f3n; es una condici\u00f3n cl\u00ednica que requiere comprensi\u00f3n y apoyo especializado.<\/p>\n\n\n\n<h2 class=\"wp-block-heading\"><strong>\u00bfC\u00f3mo se manifiesta? Se\u00f1ales de alerta para los adultos<\/strong><\/h2>\n\n\n\n<p class=\"wp-block-paragraph\">A diferencia de la depresi\u00f3n en los adultos, que suele identificarse de forma m\u00e1s clara con la tristeza profunda y el llanto, en los adolescentes la sintomatolog\u00eda puede ser mucho m\u00e1s difusa y activa. Las se\u00f1ales de alerta m\u00e1s comunes incluyen:<\/p>\n\n\n\n<ul class=\"wp-block-list\">\n<li><strong>Irritabilidad y mal humor persistente:<\/strong> Muchas veces la depresi\u00f3n en j\u00f3venes no se ve como pena, sino como rabia, hostilidad o frustraci\u00f3n constante ante situaciones cotidianas.<\/li>\n\n\n\n<li><strong>P\u00e9rdida de inter\u00e9s en lo que antes disfrutaban (anhedonia):<\/strong> Abandonar pasatiempos, deportes o actividades que antes les apasionaban.<\/li>\n\n\n\n<li><strong>Aislamiento social:<\/strong> Una tendencia marcada a encerrarse en su habitaci\u00f3n, distanciarse de los amigos habituales y evitar las din\u00e1micas familiares o las comidas compartidas.<\/li>\n\n\n\n<li><strong>Cambios dr\u00e1sticos en el rendimiento escolar:<\/strong> Baja repentina en las calificaciones, problemas de concentraci\u00f3n, desmotivaci\u00f3n o ausentismo.<\/li>\n\n\n\n<li><strong>Alteraciones en el sue\u00f1o y la energ\u00eda:<\/strong> Dormir en exceso durante el d\u00eda, insomnio por las noches o manifestar un cansancio cr\u00f3nico que no se justifica con sus actividades.<\/li>\n\n\n\n<li><strong>Expresiones de autocr\u00edtica severa o desesperanza:<\/strong> Respuestas defensivas o deflexiones constantes ante preguntas sobre su futuro o su bienestar (como usar el humor o respuestas evasivas para no profundizar en lo que sienten), junto con sentimientos de culpa o de no ser \"suficientemente buenos\".<\/li>\n<\/ul>\n\n\n\n<h2 class=\"wp-block-heading\"><strong>\u00bfQu\u00e9 hay detr\u00e1s de la depresi\u00f3n en la adolescencia?<\/strong><\/h2>\n\n\n\n<p class=\"wp-block-paragraph\">El origen de la depresi\u00f3n en esta etapa es multifactorial. Rara vez se debe a un \u00fanico evento, sino m\u00e1s bien a la interacci\u00f3n de diversos elementos:<\/p>\n\n\n\n<ul class=\"wp-block-list\">\n<li><strong>Factores neurobiol\u00f3gicos y hormonales:<\/strong> El cerebro adolescente est\u00e1 en pleno proceso de remodelaci\u00f3n, particularmente las \u00e1reas encargadas de la regulaci\u00f3n emocional y el control de impulsos. Esto los hace biol\u00f3gicamente m\u00e1s vulnerables al estr\u00e9s.<\/li>\n\n\n\n<li><strong>Estresores ambientales y expectativas sociales:<\/strong> Vivimos en una cultura con altos niveles de competitividad, presi\u00f3n por el \u00e9xito acad\u00e9mico y una fuerte exposici\u00f3n a las redes sociales, donde la comparaci\u00f3n constante puede minar la autoestima. A esto se pueden sumar conflictos familiares o dificultades econ\u00f3micas en el hogar.<\/li>\n\n\n\n<li><strong>Estilos de afrontamiento y experiencias tempranas:<\/strong> La forma en que un joven maneja el malestar muchas veces se vincula a sus vivencias de infancia. Si crecieron en entornos donde las emociones se reprim\u00edan o no eran del todo comprendidas, es probable que tiendan a desconectarse de lo que sienten como mecanismo de defensa, acumulando un malestar subcl\u00ednico que termina por desbordarse.<\/li>\n<\/ul>\n\n\n\n<h2 class=\"wp-block-heading\"><strong>\u00bfC\u00f3mo podemos ayudar como padres y cuidadores?<\/strong><\/h2>\n\n\n\n<p class=\"wp-block-paragraph\">El entorno familiar es el primer y m\u00e1s importante factor de protecci\u00f3n. Si sospechas que tu hijo o un joven cercano est\u00e1 pasando por un proceso depresivo, estas pautas pueden marcar la diferencia:<\/p>\n\n\n\n<ol class=\"wp-block-list\">\n<li><strong>Cambiar la exigencia por la validaci\u00f3n:<\/strong> Evita frases que minimicen su dolor como <em>\"Lo tienes todo para ser feliz\"<\/em>, <em>\"Son cosas de la edad\"<\/em> o <em>\"Tienes que poner de tu parte\"<\/em>. En su lugar, valida su vivencia: <em>\"Veo que la est\u00e1s pasando mal y que te sientes muy cansado \u00faltimamente. Estoy aqu\u00ed contigo, sin importar qu\u00e9 pase\"<\/em>.<\/li>\n\n\n\n<li><strong>Mantener la puerta abierta (sin presionar):<\/strong> Es com\u00fan que ante la pregunta de c\u00f3mo est\u00e1n, respondan con evasivas o silencios. No los fuerces a hablar en ese instante. Demu\u00e9strales de forma constante que el espacio seguro est\u00e1 disponible para cuando decidan dar el paso.<\/li>\n\n\n\n<li><strong>Fomentar la conexi\u00f3n sutil:<\/strong> Busca espacios de interacci\u00f3n que no resulten amenazantes ni exijan un gran despliegue de energ\u00eda. Compartir un trayecto en auto, preparar algo juntos o simplemente acompa\u00f1arlo en silencio en su habitaci\u00f3n puede aliviar la profunda sensaci\u00f3n de soledad que acompa\u00f1a a la depresi\u00f3n.<\/li>\n<\/ol>\n\n\n\n<h2 class=\"wp-block-heading\"><strong>La importancia del acompa\u00f1amiento profesional<\/strong><\/h2>\n\n\n\n<p class=\"wp-block-paragraph\">Aceptar el ritmo y los tiempos del adolescente es un desaf\u00edo enorme para los padres, pero la psicoterapia es el espacio id\u00f3neo para que ellos puedan empezar a poner en palabras lo que el cuerpo expresa a trav\u00e9s del desgano o la irritabilidad. Un proceso psicoterap\u00e9utico profesional no solo le ofrece al joven herramientas de regulaci\u00f3n y reestructuraci\u00f3n de pensamientos, sino que tambi\u00e9n brinda al entorno familiar las pautas necesarias para acompa\u00f1ar el cambio sin desgastarse.<\/p>\n\n\n\n<p class=\"wp-block-paragraph\">Pedir ayuda a tiempo es el acto de cuidado m\u00e1s valioso. La depresi\u00f3n es tratable y, con el apoyo adecuado, los adolescentes pueden recuperar su bienestar, comprender su mundo interno y retomar su proyecto de vida con seguridad.<\/p>\n\n\n\n<p class=\"wp-block-paragraph\"><\/p>\n","protected":false},"excerpt":{"rendered":"<p>La adolescencia es, por definici\u00f3n, una etapa de profundas transformaciones. Los cambios hormonales, la b\u00fasqueda de la identidad, la necesidad de pertenencia al grupo de pares y las crecientes exigencias acad\u00e9micas y sociales configuran un escenario complejo de transitar. En este torbellino de cambios, es completamente normal que los j\u00f3venes experimenten altibajos emocionales, d\u00edas de [&hellip;]<\/p>\n","protected":false},"author":2,"featured_media":0,"comment_status":"open","ping_status":"open","sticky":false,"template":"","format":"standard","meta":{"footnotes":""},"categories":[1],"tags":[],"class_list":["post-122","post","type-post","status-publish","format-standard","hentry","category-uncategorized"],"_links":{"self":[{"href":"https:\/\/psicologoemilianocorrea.cl\/index.php?rest_route=\/wp\/v2\/posts\/122","targetHints":{"allow":["GET"]}}],"collection":[{"href":"https:\/\/psicologoemilianocorrea.cl\/index.php?rest_route=\/wp\/v2\/posts"}],"about":[{"href":"https:\/\/psicologoemilianocorrea.cl\/index.php?rest_route=\/wp\/v2\/types\/post"}],"author":[{"embeddable":true,"href":"https:\/\/psicologoemilianocorrea.cl\/index.php?rest_route=\/wp\/v2\/users\/2"}],"replies":[{"embeddable":true,"href":"https:\/\/psicologoemilianocorrea.cl\/index.php?rest_route=%2Fwp%2Fv2%2Fcomments&post=122"}],"version-history":[{"count":1,"href":"https:\/\/psicologoemilianocorrea.cl\/index.php?rest_route=\/wp\/v2\/posts\/122\/revisions"}],"predecessor-version":[{"id":123,"href":"https:\/\/psicologoemilianocorrea.cl\/index.php?rest_route=\/wp\/v2\/posts\/122\/revisions\/123"}],"wp:attachment":[{"href":"https:\/\/psicologoemilianocorrea.cl\/index.php?rest_route=%2Fwp%2Fv2%2Fmedia&parent=122"}],"wp:term":[{"taxonomy":"category","embeddable":true,"href":"https:\/\/psicologoemilianocorrea.cl\/index.php?rest_route=%2Fwp%2Fv2%2Fcategories&post=122"},{"taxonomy":"post_tag","embeddable":true,"href":"https:\/\/psicologoemilianocorrea.cl\/index.php?rest_route=%2Fwp%2Fv2%2Ftags&post=122"}],"curies":[{"name":"wp","href":"https:\/\/api.w.org\/{rel}","templated":true}]}}